{"id":6250,"date":"2026-08-25T15:17:43","date_gmt":"2026-08-25T13:17:43","guid":{"rendered":"https:\/\/app.scs-gruppor.it\/home\/?p=6250"},"modified":"2026-08-25T15:19:35","modified_gmt":"2026-08-25T13:19:35","slug":"gruppo-polis-a-job-orienta-cooperativo","status":"publish","type":"post","link":"https:\/\/app.scs-gruppor.it\/home\/gruppo-polis-a-job-orienta-cooperativo\/","title":{"rendered":"Gruppo Polis a Job Orienta Cooperativo"},"content":{"rendered":"<div class=\"postie-post\">\n<div dir=\"ltr\">\n<div><span style=\"background-color:transparent\">Gioved\u00ec 27 agosto Gruppo Polis sar\u00e0 presente al <\/span><strong style=\"background-color:transparent\">Job Orienta Cooperativo<\/strong><span style=\"background-color:transparent\">, l\u2019evento organizzato da <\/span><strong style=\"background-color:transparent\">Confcooperative Padova<\/strong><span style=\"background-color:transparent\"> per avvicinare giovani, studenti e studentesse al mondo del lavoro e della cooperazione.<\/span><\/div>\n<div>\n<p>Durante la serata sar\u00e0 possibile incontrare alcune cooperative del territorio, tra cui <strong>Gruppo R e Polis Nova<\/strong>, conoscere pi\u00f9 da vicino quello che fanno, le professionalit\u00e0 che ci lavorano e le opportunit\u00e0 che possono nascere all\u2019interno delle nostre realt\u00e0.<\/p>\n<p>Ad aprire l\u2019incontro sar\u00e0 il prof.\u00a0<strong>Daniele Marini<\/strong>, con un intervento a partire dal suo libro <em>\u201cQuello che i giovani (non) dicono. E gli adulti non capiscono\u201d<\/em>:\u00a0<\/p>\n<p>Sar\u00e0 uno spunto per parlare di lavoro, futuro, aspettative e nuovi linguaggi tra generazioni.<\/p>\n<p>\ud83d\udcc5 <strong>Gioved\u00ec 27 agosto 2026<\/strong><br \/>\ud83d\udd61 <strong>Dalle 18.00 alle 21.00 circa<\/strong><br \/>\ud83d\udccd <strong>Arcella Bella \u2013 Padova<\/strong><\/p>\n<p>L&#039;evento rappresenta un&#039; occasione per raccontare chi siamo, far conoscere la cooperazione e incontrare persone che potrebbero scegliere di costruire con noi un pezzo del loro futuro professionale.\u00a0<\/p>\n<p>Per noi \u00e8 anche un\u2019occasione per ricordare e divulgare il valore del lavorare in cooperativa: essere parte di un progetto fondato su <strong>partecipazione, mutualit\u00e0, solidariet\u00e0 e responsabilit\u00e0 condivisa<\/strong>, dove il lavoro pu\u00f2 contribuire a costruire maggiore equit\u00e0 e inclusione sociale. Un\u2019appartenenza che vale la pena riconoscere e di cui possiamo essere orgogliosi e orgogliose.<\/p>\n<p><i style=\"background-color:transparent\">Alice<\/i><\/p>\n<\/div>\n<div>\n<div dir=\"ltr\" class=\"gmail_signature\" data-smartmail=\"gmail_signature\">\n<div dir=\"ltr\"><\/p>\n<table border=\"0\" cellpadding=\"0\" cellspacing=\"0\" width=\"100%\" style=\"font-family:-webkit-standard;text-indent:0px;padding-left:54px\">\n<tbody><\/tbody>\n<\/table>\n<\/div>\n<\/div>\n<\/div>\n<\/div>\n<div class=\"postie-attachments\"><a href=\"https:\/\/app.scs-gruppor.it\/home\/?attachment_id=6251\"><img decoding=\"async\" src=\"https:\/\/app.scs-gruppor.it\/wp-content\/uploads\/2026\/08\/GP-a-JOB-ORIENTA-COOPERATIVO-240x300.png\" alt=\"\" width=\"240px\" height=\"300px\" class=\"alignnone size-medium wp-image-6251\" srcset=\"https:\/\/app.scs-gruppor.it\/wp-content\/uploads\/2026\/08\/GP-a-JOB-ORIENTA-COOPERATIVO-240x300.png 240w, https:\/\/app.scs-gruppor.it\/wp-content\/uploads\/2026\/08\/GP-a-JOB-ORIENTA-COOPERATIVO-819x1024.png 819w, https:\/\/app.scs-gruppor.it\/wp-content\/uploads\/2026\/08\/GP-a-JOB-ORIENTA-COOPERATIVO-768x960.png 768w, https:\/\/app.scs-gruppor.it\/wp-content\/uploads\/2026\/08\/GP-a-JOB-ORIENTA-COOPERATIVO.png 1080w\" sizes=\"(max-width: 240px) 100vw, 240px\" \/><\/a><\/div>\n<\/div>\n","protected":false},"excerpt":{"rendered":"<p>Gioved\u00ec 27 agosto Gruppo Polis sar\u00e0 presente al Job Orienta Cooperativo, l\u2019evento organizzato da Confcooperative Padova per avvicinare giovani, studenti e studentesse al mondo del lavoro e della cooperazione. Durante [&hellip;]<\/p>\n","protected":false},"author":4,"featured_media":6251,"comment_status":"closed","ping_status":"open","sticky":false,"template":"","format":"standard","meta":{"footnotes":""},"categories":[22],"tags":[],"class_list":["post-6250","post","type-post","status-publish","format-standard","has-post-thumbnail","hentry","category-news"],"_links":{"self":[{"href":"https:\/\/app.scs-gruppor.it\/home\/wp-json\/wp\/v2\/posts\/6250","targetHints":{"allow":["GET"]}}],"collection":[{"href":"https:\/\/app.scs-gruppor.it\/home\/wp-json\/wp\/v2\/posts"}],"about":[{"href":"https:\/\/app.scs-gruppor.it\/home\/wp-json\/wp\/v2\/types\/post"}],"author":[{"embeddable":true,"href":"https:\/\/app.scs-gruppor.it\/home\/wp-json\/wp\/v2\/users\/4"}],"replies":[{"embeddable":true,"href":"https:\/\/app.scs-gruppor.it\/home\/wp-json\/wp\/v2\/comments?post=6250"}],"version-history":[{"count":0,"href":"https:\/\/app.scs-gruppor.it\/home\/wp-json\/wp\/v2\/posts\/6250\/revisions"}],"wp:featuredmedia":[{"embeddable":true,"href":"https:\/\/app.scs-gruppor.it\/home\/wp-json\/wp\/v2\/media\/6251"}],"wp:attachment":[{"href":"https:\/\/app.scs-gruppor.it\/home\/wp-json\/wp\/v2\/media?parent=6250"}],"wp:term":[{"taxonomy":"category","embeddable":true,"href":"https:\/\/app.scs-gruppor.it\/home\/wp-json\/wp\/v2\/categories?post=6250"},{"taxonomy":"post_tag","embeddable":true,"href":"https:\/\/app.scs-gruppor.it\/home\/wp-json\/wp\/v2\/tags?post=6250"}],"curies":[{"name":"wp","href":"https:\/\/api.w.org\/{rel}","templated":true}]}}